{"id":1462,"date":"2019-03-10T17:34:35","date_gmt":"2019-03-10T16:34:35","guid":{"rendered":"http:\/\/sites.univ-tln.fr\/master-materiaux\/?p=1462"},"modified":"2019-03-10T19:34:23","modified_gmt":"2019-03-10T18:34:23","slug":"liste-des-stages-par-annee-de-promotion","status":"publish","type":"post","link":"https:\/\/sites.univ-tln.fr\/master-materiaux\/liste-des-stages-par-annee-de-promotion\/","title":{"rendered":"Liste des stages par ann\u00e9e de promotion"},"content":{"rendered":"<h2>Listes des stages r\u00e9alis\u00e9s en M2 :<\/h2>\n<ul>\n<li><strong>Ann\u00e9e 2019<\/strong><\/li>\n<\/ul>\n\n<table id=\"tablepress-9\" class=\"tablepress tablepress-id-9\">\n<thead>\n<tr class=\"row-1\">\n\t<th class=\"column-1\">sujet-stage<\/th><th class=\"column-2\">description-stage<\/th><th class=\"column-3\">Comp\u00e9tences \/ techniques<\/th><th class=\"column-4\">Lieu<\/th><th class=\"column-5\">email<\/th>\n<\/tr>\n<\/thead>\n<tbody class=\"row-striping row-hover\">\n<tr class=\"row-2\">\n\t<td class=\"column-1\">Mise en oeuvre de composites polym\u00e8res renforc\u00e9s par des fibres min\u00e9rales<br \/>\n<br \/>\n<span style=\"color: #008000\">R&amp;D <\/span> <\/td><td class=\"column-2\"><a href=\"http:\/\/sites.univ-tln.fr\/master-materiaux\/wp-content\/uploads\/sites\/22\/2019\/03\/Saint-Gobain-Research-Paris_Proposition-PFE-2019-Mat\u00e9riaux-Composites.pdf\"> M2-2019-01 <\/a> <\/a>\t<span style=\"color: #ff0000\">Attribu\u00e9 Adrien Gonzales<\/span><\/td><td class=\"column-3\">Etat de l'art, Mise en Oeuvre des composites, caract\u00e9risation des interfaces, relations multi\u00e9chelles<\/td><td class=\"column-4\">Saint-Gobain Research, Aubervillier (93) - France<\/td><td class=\"column-5\">jonas.bouchard@saint-gobain.com<\/td>\n<\/tr>\n<tr class=\"row-3\">\n\t<td class=\"column-1\">Formulation de mat\u00e9riaux \u00e9lastom\u00e8res pour l\u2019isolation \u00e9lectrique haute tension<br \/>\n<br \/>\n<span style=\"color: #008000\">R&amp;D<\/span><br \/>\n<\/td><td class=\"column-2\"><a href=\"http:\/\/sites.univ-tln.fr\/master-materiaux\/wp-content\/uploads\/sites\/22\/2019\/03\/SuperGrid-Institute-Ahmed-Chennah.pdf\"> M2-2019-02 <\/a> <\/a> <span style=\"color: #ff0000\">Attribu\u00e9 Ahmed Chennah<\/span><\/td><td class=\"column-3\">Vieillissement de r\u00e9sines thermodurcissables sous haut voltage, caract\u00e9risation di\u00e9lectrique et m\u00e9canique<\/td><td class=\"column-4\">Supergrid Institute<br \/>\n23 rue Cyprian, BP 1321 <br \/>\n69611 Villeurbanne Cedex \u2013 France<\/td><td class=\"column-5\">sophie.iglesias@supergrid-institute.com<\/td>\n<\/tr>\n<tr class=\"row-4\">\n\t<td class=\"column-1\">Stage Mat\u00e9riaux sp\u00e9cialit\u00e9 Protection cathodique (H\/F)<br \/>\n<br \/>\n<span style=\"color: #008000\">Industriel<\/span><br \/>\n<\/td><td class=\"column-2\"><a href=\"http:\/\/sites.univ-tln.fr\/master-materiaux\/wp-content\/uploads\/sites\/22\/2018\/10\/M2-MIn3D-2019-03.pdf\"> M2-2019-03 <\/a> <\/a>\t<span style=\"color: #ff0000\">Attribu\u00e9 <br \/>\nNolween YVERGNAUX <\/span><\/td><td class=\"column-3\">Protection cathodique<\/td><td class=\"column-4\">SAIPEM SA - 1-7 AVE SAN FERNANDO<br \/>\n78884 MONTIGNY LE BRETONNEUX<\/td><td class=\"column-5\">hugues.bois@saipem.com <br \/>\n<\/td>\n<\/tr>\n<tr class=\"row-5\">\n\t<td class=\"column-1\">Contribution \u00e0 l\u2019\u00e9tude de l\u2019impact de l\u2019alt\u00e9ration des g\u00e9omat\u00e9riaux dans leur environnement : caract\u00e9risation de la dissolution du gypse<br \/>\n<br \/>\n<span style=\"color: #008000\">R&amp;D<\/span><br \/>\n<\/td><td class=\"column-2\"><a href=\"http:\/\/sites.univ-tln.fr\/master-materiaux\/wp-content\/uploads\/sites\/22\/2019\/03\/2019-Sujet-stage-gypse-IFFSTAR-Jemal.pdf\"> M2-2019-04 <\/a> <\/a>\t<span style=\"color: #ff0000\">Attribu\u00e9 Fadwa JEMAL<\/span><\/td><td class=\"column-3\">Caract\u00e9risation physico-chimique du Gypse, propri\u00e9t\u00e9s m\u00e9caniques<\/td><td class=\"column-4\">l\u2019IFSTTAR\/ GERS<br \/>\nMarne la Vall\u00e9e (77)<\/td><td class=\"column-5\">myriam.duc@ifsttar.fr<\/td>\n<\/tr>\n<tr class=\"row-6\">\n\t<td class=\"column-1\">Capteur de vieillissement hydrolytique de r\u00e9sines thermodurcissables : int\u00e9r\u00eat des Fibres \u00e0 R\u00e9seaux de Bragg<br \/>\n<span style=\"color: #008000\">R&amp;D <\/span> <\/td><td class=\"column-2\"><a href=\"\"> M2-2019-05 <\/a> <\/a>\t<span style=\"color: #ff0000\">Attribu\u00e9 Ismael Amara OUATTARA<\/span><\/td><td class=\"column-3\">Suivi du vieillissement hydrolytique par fibre optique \u00e0 r\u00e9seaux de Bragg<\/td><td class=\"column-4\">D\u00e9partement Electromagn\u00e9tisme et t\u00e9l\u00e9com - Facult\u00e9 polytechnique, Universit\u00e9 de Mons - Belgique<\/td><td class=\"column-5\">kinet@umons.be<\/td>\n<\/tr>\n<tr class=\"row-7\">\n\t<td class=\"column-1\">Nanocaract\u00e9risation de GaN par SIMS <br \/>\n<span style=\"color: #008000\">Recherche <\/span> <\/td><td class=\"column-2\"><a href=\"http:\/\/sites.univ-tln.fr\/master-materiaux\/wp-content\/uploads\/sites\/22\/2019\/03\/nanocaracterisation-de-gan-par-sims-CEA.pdf\"> M2-2019-06 <\/a> <\/a>\t<span style=\"color: #ff0000\">Attribu\u00e9 Alexandre Blaizot<\/span><\/td><td class=\"column-3\">caract\u00e9risation structurale de couche mince, Analyse par ToF-SIMS et AFM<\/td><td class=\"column-4\">CEA, Grenoble<\/td><td class=\"column-5\">marc.veillerot@cea.fr<\/td>\n<\/tr>\n<tr class=\"row-8\">\n\t<td class=\"column-1\"> Mesure de l'adh\u00e9rence et des propri\u00e9t\u00e9s interfaciales entre un rev\u00eatement \u00e9poxy et un substrat verre <br \/>\n<br \/>\n<span style=\"color: #008000\">Recherche<\/span><\/td><td class=\"column-2\"><a href=\"http:\/\/sites.univ-tln.fr\/master-materiaux\/wp-content\/uploads\/sites\/22\/2019\/03\/Sujet-Stage-Master-2-Mat\u00e9riaux-Adhesion-2019.pdf\"> M2-2019-07 <\/a> <\/a>\t<span style=\"color: #ff0000\">Attribu\u00e9 NGUYEN Tien Tuan Anh <\/span><\/td><td class=\"column-3\">Caract\u00e9risations des interphases, contr\u00f4le physico-chimique des interfaces<\/td><td class=\"column-4\">MAPIEM, Universit\u00e9 de Toulon<\/td><td class=\"column-5\"> fahs@univ-tln.fr<\/td>\n<\/tr>\n<tr class=\"row-9\">\n\t<td class=\"column-1\">Lois d\u2019usure \u00e0 l\u2019\u00e9chelle nanom\u00e9trique<br \/>\n<br \/>\n<span style=\"color: #008000\">Recherche <\/span> <\/td><td class=\"column-2\"><a href=\"http:\/\/sites.univ-tln.fr\/master-materiaux\/wp-content\/uploads\/sites\/22\/2018\/12\/Sujet-de-master-IMMM-LeMans.pdf\"> M2-2019-08 <\/a> <\/a>\t<span style=\"color: #ff0000\"> <br \/>\nAttribu\u00e9 <br \/>\nVan Tien NGUYEN<\/span><\/td><td class=\"column-3\">AFM, Mat\u00e9riaux, Morphologies, traitement images<\/td><td class=\"column-4\">IMMM, Universit\u00e9 du Maine, Le Mans<\/td><td class=\"column-5\">olivier.noel@univ-lemans.fr<\/td>\n<\/tr>\n<tr class=\"row-10\">\n\t<td class=\"column-1\">Synth\u00e8se et caract\u00e9risation thermom\u00e9canique par AFM des copolym\u00e8res \u00e0 blocs PS\/POE et leurs mat\u00e9riaux composites<br \/>\n<br \/>\n<span style=\"color: #008000\">Recherche <\/span> <\/td><td class=\"column-2\"><a href=\"http:\/\/sites.univ-tln.fr\/master-materiaux\/wp-content\/uploads\/sites\/22\/2018\/12\/Offre-de-stage-Master-II-Materiaux-crops-mapiem.pdf\"> M2-2019-09 <\/a> <\/a>\t<br \/>\n<span style=\"color: #ff0000\">Attribu\u00e9 Hoa\u00ef Nam NGUYEN <\/span><\/td><td class=\"column-3\">Synth\u00e8se radicalaire contr\u00f4l\u00e9e, nanocomposites, grafting from, analyses thermom\u00e9caniques locales AFM<\/td><td class=\"column-4\">ICR, AMU, Marseille<\/td><td class=\"column-5\">trang.phan@univ-amu.fr<\/td>\n<\/tr>\n<tr class=\"row-11\">\n\t<td class=\"column-1\">Expertise dans le domaine des Lubrifiants \u2013 H\/F<br \/>\n<br \/>\n<span style=\"color: #008000\">Industriel <\/span> <\/td><td class=\"column-2\"><a href=\"http:\/\/sites.univ-tln.fr\/master-materiaux\/wp-content\/uploads\/sites\/22\/2019\/01\/EXPIRIS2018-070-PROPOSITION-DE-STAGE.pdf\"> M2-2019-10 <\/a> <\/a>\t<br \/>\n<span style=\"color: #ff0000\">Attribu\u00e9 Antoine LEBEE  <\/span><\/td><td class=\"column-3\">Microsoft Office; Essais d'adh\u00e9rence; brillance; colorim\u00e9trie; Essais de vieillissement, Aeronautique, <\/td><td class=\"column-4\">EXPIRIS<br \/>\nZAC Bausset- Florides -Ilot Carmin n\u00b01<br \/>\nRD9 F-13700 Marignane<br \/>\nFRANCE<\/td><td class=\"column-5\">anthony.james@expiris.fr<\/td>\n<\/tr>\n<tr class=\"row-12\">\n\t<td class=\"column-1\">Mat\u00e9riaux \u00e0 base de graph\u00e8ne et vieillissement hydrolytique : application \u00e0 l'\u00e9olien off-shore<br \/>\n<br \/>\n<span style=\"color: #008000\">Recherche <\/span> <\/td><td class=\"column-2\"><a href=\"http:\/\/sites.univ-tln.fr\/master-materiaux\/wp-content\/uploads\/sites\/22\/2019\/01\/stage_eolien-IM2NP-MAPIEM.pdf\"> M2-2019-11 <\/a> <br \/>\n<\/a> <span style=\"color: #ff0000\">Attribu\u00e9 Hamza BEKKHALI  <\/span><\/td><td class=\"column-3\">Elaboration de mat\u00e9riaux nanocomposites, caract\u00e9risations spectroscopiques, vieillissement en environnement marin<\/td><td class=\"column-4\">MAPIEM, IM2NP, Universit\u00e9 de Toulon<\/td><td class=\"column-5\">pascal.carriere@univ-tln.fr,<br \/>\nmerlen@univ-tln.fr<\/td>\n<\/tr>\n<tr class=\"row-13\">\n\t<td class=\"column-1\">Caract\u00e9risation de films minces en vieillissement hydrolytiques repr\u00e9sentatifs d'interphases de composites par AFM et FT-IRRAS<br \/>\n<br \/>\n<span style=\"color: #008000\">Recherche <\/span><\/td><td class=\"column-2\"><a href=\"http:\/\/sites.univ-tln.fr\/master-materiaux\/wp-content\/uploads\/sites\/22\/2019\/03\/Sujet-Stage-Master-2-Mat\u00e9riaux-Couches-minces-vieillissement-2019.pdf\"> M2-2019-12 <\/a> <\/a> <span style=\"color: #ff0000\">Attribu\u00e9 DO Thuy Linh  <\/span><\/td><td class=\"column-3\">Elaboration par spin coating de films ultra-minces, caract\u00e9risation m\u00e9caniques et spectroscopiques locales (AFM)<\/td><td class=\"column-4\">MAPIEM, Universit\u00e9 de Toulon<\/td><td class=\"column-5\">pascal.carriere@univ-tln.fr<\/td>\n<\/tr>\n<tr class=\"row-14\">\n\t<td class=\"column-1\">Mise en place d'une \u00e9tude RBI sur la raffinerie Total de Donges : \u00e9tude sur la corrosion bact\u00e9rienne<br \/>\n<br \/>\n<span style=\"color: #008000\">R&amp;D <\/span><\/td><td class=\"column-2\"><a href=\"\"> M2-2019-13 <\/a> <\/a> <span style=\"color: #ff0000\">Attribu\u00e9 TY Laurianne  <\/span><\/td><td class=\"column-3\">Caract\u00e9risation et \u00e9tude des m\u00e9canismes de la corrosion bact\u00e9rienne <\/td><td class=\"column-4\">MISTRAS, Agence M\u00e9diterran\u00e9enne<\/td><td class=\"column-5\">remy.blondel@mistrasgroup.com <\/td>\n<\/tr>\n<tr class=\"row-15\">\n\t<td class=\"column-1\"><\/td><td class=\"column-2\"><\/td><td class=\"column-3\"><\/td><td class=\"column-4\"><\/td><td class=\"column-5\"><\/td>\n<\/tr>\n<\/tbody>\n<\/table>\n\n<h2>Listes des stages r\u00e9alis\u00e9s en M1 :<\/h2>\n<ul>\n<li><strong>Ann\u00e9e 2019&nbsp;<\/strong><\/li>\n<\/ul>\n\n<table id=\"tablepress-8\" class=\"tablepress tablepress-id-8\">\n<thead>\n<tr class=\"row-1\">\n\t<th class=\"column-1\">sujet-stage<\/th><th class=\"column-2\">description-stage<\/th><th class=\"column-3\">techniques<\/th><th class=\"column-4\">mots-cles<\/th><th class=\"column-5\">resp-stage<\/th><th class=\"column-6\">lieu<\/th><td class=\"column-7\"><\/td>\n<\/tr>\n<\/thead>\n<tbody class=\"row-striping row-hover\">\n<tr class=\"row-2\">\n\t<td class=\"column-1\">Conception de co-monom\u00e8res compatibles avec les ensimages de fibre de carbone et des r\u00e9sines m\u00e9thacrylates<br \/>\n<span style=\"color: #008000\">R&amp;D <\/span> <\/td><td class=\"column-2\"><a> M1-2019-01 <\/a> <\/a>\t<span style=\"color: #ff0000\"> <br \/>\nAttribu\u00e9 St\u00e9phane Serrano<\/span><\/td><td class=\"column-3\">Polym\u00e9risation, caract\u00e9risation m\u00e9caniques, mat\u00e9riaux composites<\/td><td class=\"column-4\">fonctionnalisation de fibres de carbone, polym\u00e9risation, caract\u00e9risation de composites<\/td><td class=\"column-5\">Didier Gigmes<\/td><td class=\"column-6\">ICR - Equipe CROPS - AMU (13)<\/td><td class=\"column-7\"><\/td>\n<\/tr>\n<tr class=\"row-3\">\n\t<td class=\"column-1\">Etude de la catalyse h\u00e9t\u00e9rog\u00e8ne de l\u2019oxydation du monoxyde de carbone sur un nanocomposite Au\/oxyde m\u00e9tallique<br \/>\n<br \/>\n<span style=\"color: #008000\">Recherche <\/span> <\/td><td class=\"column-2\">M1-2019-02  <\/a>\t<span style=\"color: #ff0000\"> Attribu\u00e9 NDIAYE Moussa<\/span><\/td><td class=\"column-3\">spectroscopies (IR,UV-Vis), microscopies \u00e9lectroniques, diffraction des RX et\/ou des \u00e9lectrons, analyses thermiques, mesures \u00e9lectriques (SIE)<\/td><td class=\"column-4\">catalyseur \u00e0 base de NP d'or, oxydation du CO,<\/td><td class=\"column-5\">Virginie Chevallier et Madjid Arab<\/td><td class=\"column-6\">IM2NP - La Garde (83)<\/td><td class=\"column-7\"><\/td>\n<\/tr>\n<tr class=\"row-4\">\n\t<td class=\"column-1\">Fonctionnalisation de nanofibrilles de cellulose par proc\u00e9d\u00e9 micro-onde \u2013 Elaboration de films nanocomposites<br \/>\n<br \/>\n<span style=\"color: #008000\">Recherche <\/span> <\/td><td class=\"column-2\"><a href=\"http:\/\/sites.univ-tln.fr\/master-materiaux\/wp-content\/uploads\/sites\/22\/2019\/01\/Offre-de-stage-M1-MAPIEM-Fonctionnalisation-cellulose.pdf\"> M1-2019-04 <\/a> <\/a><span style=\"color: #ff0000\"> Attribu\u00e9 KOUNDIO Tidiane<\/span><\/td><td class=\"column-3\">Synth\u00e8se \u00b5ondes, Spectroscopies FT-IR, MEB EDX, RMN, Analyses M\u00e9caniques<\/td><td class=\"column-4\">nanofibrilles de cellulose, nanocomposites, fonctionnalisation, proc\u00e9d\u00e9s verts<\/td><td class=\"column-5\">Sophie Berlioz<br \/>\nTutrice : Isis Castro Cabrera<\/td><td class=\"column-6\">MAPIEM - La Garde (83)<\/td><td class=\"column-7\"><\/td>\n<\/tr>\n<tr class=\"row-5\">\n\t<td class=\"column-1\">Rev\u00eatements protecteurs anticorrosion \u00e0 faible impact environnemental<br \/>\n<br \/>\n<span style=\"color: #008000\">Recherche <\/span> <\/td><td class=\"column-2\"><a href=\"http:\/\/sites.univ-tln.fr\/master-materiaux\/wp-content\/uploads\/sites\/22\/2019\/02\/Les-capteurs-de-gaz-CL-et-VM.pdf\"> M1-2019-05 <\/a> <\/a>\t<span style=\"color: #ff0000\">Attribu\u00e9 EPEH EYENGUE Maximilien <\/span><\/td><td class=\"column-3\">Elaboration et caract\u00e9risation de nanomat\u00e9riaux, MEB, AFM, Diffusion dynamique de la lumi\u00e8re, spectrom\u00e9trie d'imp\u00e9dance \u00e9lectrochimqiue<\/td><td class=\"column-4\">nanocomposites, corrosion, meb, afm<\/td><td class=\"column-5\">FX Perrin, N Harfouche<\/td><td class=\"column-6\">MAPIEM - La Garde (83)<\/td><td class=\"column-7\"><\/td>\n<\/tr>\n<tr class=\"row-6\">\n\t<td class=\"column-1\">Mat\u00e9riaux nanostructur\u00e9s pour la d\u00e9tection de NO2<br \/>\n<br \/>\n<span style=\"color: #008000\">Recherche <\/span> <\/td><td class=\"column-2\"><a href=\"http:\/\/sites.univ-tln.fr\/master-materiaux\/wp-content\/uploads\/sites\/22\/2019\/02\/Les-capteurs-de-gaz-CL-et-VM.pdf\"> M1-2019-06 <\/a> <\/a>\t<span style=\"color: #ff0000\">Attribu\u00e9 NIANE Ibra<\/span><\/td><td class=\"column-3\">synth\u00e8se, spin coating, microscopie \u00e9lectronique \u00e0 transmission, traitement d'images, mesures \u00e9lectriques sous gaz, mesures de gap optique<\/td><td class=\"column-4\">nanoparticules, films minces, microscopie, d\u00e9tection de gaz,<\/td><td class=\"column-5\">Christine Leroux, V\u00e9ronique Madigou<\/td><td class=\"column-6\">IM2NP - La Garde (83)<\/td><td class=\"column-7\"><\/td>\n<\/tr>\n<tr class=\"row-7\">\n\t<td class=\"column-1\">Photocopolym\u00e9risation de films minces fluor\u00e9s nanostructur\u00e9s et \u00e0 gradient de concentration pour l'anti-adh\u00e9sion<br \/>\n<br \/>\n<span style=\"color: #008000\">Recherche <\/span> <span style=\"color: #0000ff\">Stage Mobilit\u00e9 Internationale <\/span> <\/td><td class=\"column-2\"><a href=\"\"> M1-2019-07 <\/a> <\/a>\t<span style=\"color: #ff0000\">Attribu\u00e9 Jeweher CHAMARI <\/span><\/td><td class=\"column-3\">spin-coating, photopolym\u00e9risation caract\u00e9risations : DMA, UV-vis, DSC,  AFM<\/td><td class=\"column-4\">films nanostructur\u00e9s, caract\u00e9risation des propri\u00e9t\u00e9s de surfaces et dans l'\u00e9paisseur du film<\/td><td class=\"column-5\">Roberta Bongiovanni,<br \/>\nAlessandra Vitale<\/td><td class=\"column-6\">Institut Polytechnique de Turin - Turin - Italie<\/td><td class=\"column-7\"><\/td>\n<\/tr>\n<tr class=\"row-8\">\n\t<td class=\"column-1\">Pr\u00e9paration de monom\u00e8res bio-inspir\u00e9s \u00e0 base de Thioph\u00e8ne \u00e0 propri\u00e9t\u00e9 antibiofilm en vue de la conception de polym\u00e8res antifouling respectueux de l\u2019environnement <br \/>\n<br \/>\n<span style=\"color: #008000\">Recherche <\/span> <span style=\"color: #0000ff\">Stage Mobilit\u00e9 Internationale <\/span> <\/td><td class=\"column-2\"><a href=\"http:\/\/sites.univ-tln.fr\/master-materiaux\/wp-content\/uploads\/sites\/22\/2019\/02\/Polym\u00e8res-\u00e0-base-thioph\u00e8ne-Electrochimie-anti-fouling.pdf\"> M1-2019-08 <\/a><br \/>\n <\/a>\t<span style=\"color: #ff0000\">Attribu\u00e9 DOAN Hoan Linh<\/span><\/td><td class=\"column-3\">Synth\u00e8se de monom\u00e8res, Synth\u00e8se Electrochimique<\/td><td class=\"column-4\">Monom\u00e8re Thioph\u00e8ne-mol\u00e9cules naturelles, Electropolym\u00e9risation, propri\u00e9t\u00e9s anti-fouling<\/td><td class=\"column-5\">Hugues Brisset,<br \/>\nYves Blache<\/td><td class=\"column-6\">MAPIEM - La Garde (83)<\/td><td class=\"column-7\"><\/td>\n<\/tr>\n<tr class=\"row-9\">\n\t<td class=\"column-1\">Pr\u00e9paration d\u2019analogues de produits naturels \u00e0 propri\u00e9t\u00e9 antibiofilm en vue de la conception de rev\u00eatements antifouling respectueux de l\u2019environnement<br \/>\n<br \/>\n<span style=\"color: #008000\">Recherche <\/span> <span style=\"color: #0000ff\">Stage Mobilit\u00e9 Internationale <\/span> <\/td><td class=\"column-2\"><a href=\"http:\/\/sites.univ-tln.fr\/master-materiaux\/wp-content\/uploads\/sites\/22\/2019\/02\/Polym\u00e8res-\u00e0-base-analogue-naturel-click-chem-anti-fouling.pdf\"> M1-2019-09 <\/a><br \/>\n<\/a>\t<span style=\"color: #ff0000\"> Attribu\u00e9 NGUYEN Vo Anh Thao <\/span><\/td><td class=\"column-3\">Monom\u00e8res bio-inspir\u00e9s \u00e0 partir d'analogues naturels, <\/td><td class=\"column-4\">Analogues naturels, click chemistry<\/td><td class=\"column-5\">Yves Blache<br \/>\nAnnie Praud<\/td><td class=\"column-6\">MAPIEM - La Garde (83)<\/td><td class=\"column-7\"><\/td>\n<\/tr>\n<tr class=\"row-10\">\n\t<td class=\"column-1\">Nanostructuration de nouveaux bio poly\u00e9poxydes par des copolym\u00e8res \u00e0 blocs pour am\u00e9liorer leur durabilit\u00e9 : Elaboration et caract\u00e9risation<br \/>\n<br \/>\n<span style=\"color: #008000\">Recherche <\/span> <span style=\"color: #0000ff\">Stage Mobilit\u00e9 Internationale <\/span> <\/td><td class=\"column-2\"><a href=\"http:\/\/sites.univ-tln.fr\/master-materiaux\/wp-content\/uploads\/sites\/22\/2019\/02\/Matrice-thermodurcissable-nanostructur\u00e9e.pdf\"> M1-2019-10 <\/a> <br \/>\n<\/a>\t<span style=\"color: #ff0000\">Attribu\u00e9 THAI Thi Ha <\/span><\/td><td class=\"column-3\">Analyses thermiques et m\u00e9caniques, Elaboration de matrices structur\u00e9es<\/td><td class=\"column-4\">Mat\u00e9riaux nanostructur\u00e9s, caract\u00e9risations multi-\u00e9chelle<\/td><td class=\"column-5\">Sophie Berlioz,<br \/>\nPascal Carriere<\/td><td class=\"column-6\">MAPIEM - La Garde (83)<\/td><td class=\"column-7\"><\/td>\n<\/tr>\n<tr class=\"row-11\">\n\t<td class=\"column-1\">Conception d\u2019interphases de nanocomposites thermiquement activables  : fonctionnalisation de nanoparticules et caract\u00e9risation des composites<br \/>\n<br \/>\n<span style=\"color: #008000\">Recherche <\/span> <span style=\"color: #0000ff\">Stage Mobilit\u00e9 Internationale <\/span> <\/td><td class=\"column-2\"><a href=\"http:\/\/sites.univ-tln.fr\/master-materiaux\/wp-content\/uploads\/sites\/22\/2019\/02\/Materiaux-\u00e0-interphases-activables.pdf\"> M1-2019-11 <\/a><br \/>\n <\/a>\t<span style=\"color: #ff0000\">Attribu\u00e9 TRAN Bao Ngoc <\/span><\/td><td class=\"column-3\">Elaboration de nanocomposites, fonctionnalisation de nanoparticules, analyses thermom\u00e9caniques<\/td><td class=\"column-4\">Interphases thermiquement activables, AFM, <\/td><td class=\"column-5\">Pascal Carriere<\/td><td class=\"column-6\">MAPIEM - La Garde (83)<\/td><td class=\"column-7\"><\/td>\n<\/tr>\n<tr class=\"row-12\">\n\t<td class=\"column-1\">Synth\u00e8se d'hydrogels pour le relargage contr\u00f4l\u00e9 de biocides<br \/>\n<span style=\"color: #008000\"><br \/>\nRecherche <\/span> <span style=\"color: #0000ff\">Stage Mobilit\u00e9 Internationale<\/span> <\/td><td class=\"column-2\"><a href=\"\"> M1-2019-12 <\/a><br \/>\n <\/a>\t<span style=\"color: #ff0000\">Attribu\u00e9 MEDOT Marianne <\/span><\/td><td class=\"column-3\">Synth\u00e8se copolym\u00e8re,  analyse des relargages de principes actifs<\/td><td class=\"column-4\">biomat\u00e9riaux, cin\u00e9tique de relargage <\/td><td class=\"column-5\">Marcel Popa<\/td><td class=\"column-6\">Universit\u00e9 Appolonia, IASI - d\u00e9partement de Biomat\u00e9riaux<br \/>\nRoumanie<\/td><td class=\"column-7\"><\/td>\n<\/tr>\n<tr class=\"row-13\">\n\t<td class=\"column-1\">Calculs de structure et de modes vibrationnels du graph\u00e8ne et de ses d\u00e9riv\u00e9s <br \/>\n<span style=\"color: #008000\"><br \/>\nRecherche <\/span> <\/td><td class=\"column-2\"><a href=\"\"> M1-2019-13 <\/a><br \/>\n <\/a>\t<span style=\"color: #ff0000\">Attribu\u00e9 Jean-Baptiste Guinand <\/span><\/td><td class=\"column-3\">Calcul DFT sur logiciel Crystal, <\/td><td class=\"column-4\">relation structure et modes vibrationnels,<br \/>\ncomparaisons exp\u00e9rimental-mod\u00e9lisation<\/td><td class=\"column-5\">Alexandre Merlen<\/td><td class=\"column-6\">IM2NP - La Garde (83)<\/td><td class=\"column-7\"><\/td>\n<\/tr>\n<tr class=\"row-14\">\n\t<td class=\"column-1\"><\/td><td class=\"column-2\"><\/td><td class=\"column-3\"><\/td><td class=\"column-4\"><\/td><td class=\"column-5\"><\/td><td class=\"column-6\"><\/td><td class=\"column-7\"><\/td>\n<\/tr>\n<\/tbody>\n<\/table>\n\n","protected":false},"excerpt":{"rendered":"<p>Listes des stages r\u00e9alis\u00e9s en M2 : Ann\u00e9e 2019 Listes des stages r\u00e9alis\u00e9s en M1 : Ann\u00e9e 2019&nbsp;<\/p>\n","protected":false},"author":5,"featured_media":0,"comment_status":"closed","ping_status":"closed","sticky":false,"template":"","format":"standard","meta":{"ngg_post_thumbnail":0,"footnotes":""},"categories":[8],"tags":[],"class_list":["post-1462","post","type-post","status-publish","format-standard","hentry","category-stages"],"_links":{"self":[{"href":"https:\/\/sites.univ-tln.fr\/master-materiaux\/wp-json\/wp\/v2\/posts\/1462","targetHints":{"allow":["GET"]}}],"collection":[{"href":"https:\/\/sites.univ-tln.fr\/master-materiaux\/wp-json\/wp\/v2\/posts"}],"about":[{"href":"https:\/\/sites.univ-tln.fr\/master-materiaux\/wp-json\/wp\/v2\/types\/post"}],"author":[{"embeddable":true,"href":"https:\/\/sites.univ-tln.fr\/master-materiaux\/wp-json\/wp\/v2\/users\/5"}],"replies":[{"embeddable":true,"href":"https:\/\/sites.univ-tln.fr\/master-materiaux\/wp-json\/wp\/v2\/comments?post=1462"}],"version-history":[{"count":8,"href":"https:\/\/sites.univ-tln.fr\/master-materiaux\/wp-json\/wp\/v2\/posts\/1462\/revisions"}],"predecessor-version":[{"id":1503,"href":"https:\/\/sites.univ-tln.fr\/master-materiaux\/wp-json\/wp\/v2\/posts\/1462\/revisions\/1503"}],"wp:attachment":[{"href":"https:\/\/sites.univ-tln.fr\/master-materiaux\/wp-json\/wp\/v2\/media?parent=1462"}],"wp:term":[{"taxonomy":"category","embeddable":true,"href":"https:\/\/sites.univ-tln.fr\/master-materiaux\/wp-json\/wp\/v2\/categories?post=1462"},{"taxonomy":"post_tag","embeddable":true,"href":"https:\/\/sites.univ-tln.fr\/master-materiaux\/wp-json\/wp\/v2\/tags?post=1462"}],"curies":[{"name":"wp","href":"https:\/\/api.w.org\/{rel}","templated":true}]}}